{"id":7173,"date":"2024-10-12T16:57:44","date_gmt":"2024-10-12T19:57:44","guid":{"rendered":"https:\/\/dcb.cl\/?p=7173"},"modified":"2025-08-04T08:16:35","modified_gmt":"2025-08-04T12:16:35","slug":"charla-musical","status":"publish","type":"post","link":"https:\/\/dcb.cl\/de\/charla-musical\/","title":{"rendered":"Charla Musical"},"content":{"rendered":"<div class=\"fusion-fullwidth fullwidth-box fusion-builder-row-1 fusion-flex-container nonhundred-percent-fullwidth non-hundred-percent-height-scrolling\" style=\"--awb-border-radius-top-left:0px;--awb-border-radius-top-right:0px;--awb-border-radius-bottom-right:0px;--awb-border-radius-bottom-left:0px;--awb-flex-wrap:wrap;\" ><div class=\"fusion-builder-row fusion-row fusion-flex-align-items-flex-start fusion-flex-content-wrap\" style=\"max-width:1248px;margin-left: calc(-4% \/ 2 );margin-right: calc(-4% \/ 2 );\"><div class=\"fusion-layout-column fusion_builder_column fusion-builder-column-0 fusion_builder_column_1_1 1_1 fusion-flex-column\" style=\"--awb-bg-size:cover;--awb-width-large:100%;--awb-margin-top-large:0px;--awb-spacing-right-large:1.92%;--awb-margin-bottom-large:0px;--awb-spacing-left-large:1.92%;--awb-width-medium:100%;--awb-spacing-right-medium:1.92%;--awb-spacing-left-medium:1.92%;--awb-width-small:100%;--awb-spacing-right-small:1.92%;--awb-spacing-left-small:1.92%;\"><div class=\"fusion-column-wrapper fusion-flex-justify-content-flex-start fusion-content-layout-column\"><div class=\"fusion-text fusion-text-1\"><p>El jueves 10 de octubre a las 19:00 horas, se realiz\u00f3 la charla &#8220;Dos grandes desaparecidos de la m\u00fasica cl\u00e1sica: Peter Schreier y Mariss Jansons&#8221; a cargo de Carlos Eggers en la Liga Chileno Alemana ubicada en Av. Vitacura 5875.<\/p>\n<\/div><div class=\"awb-gallery-wrapper awb-gallery-wrapper-1 button-span-no\" style=\"--more-btn-alignment:center;\"><div style=\"margin:-2px;--awb-bordersize:0px;--awb-border-radius:5px;\" class=\"fusion-gallery fusion-gallery-container fusion-grid-3 fusion-columns-total-3 fusion-gallery-layout-grid fusion-gallery-1\"><div style=\"padding:2.5px;\" class=\"fusion-grid-column fusion-gallery-column fusion-gallery-column-3 hover-type-none\"><div class=\"fusion-gallery-image\"><a href=\"https:\/\/dcb.cl\/neueweb\/wp-content\/uploads\/2024\/10\/BAEHW_Charla_DosGrandesDesaparecidosdelaMusicaClasicaPeterSchreieryMarissJansons_01.jpg\" rel=\"noreferrer\" data-rel=\"iLightbox[gallery_image_1]\" class=\"fusion-lightbox\" target=\"_self\"><img decoding=\"async\" src=\"https:\/\/dcb.cl\/neueweb\/wp-content\/uploads\/2024\/10\/BAEHW_Charla_DosGrandesDesaparecidosdelaMusicaClasicaPeterSchreieryMarissJansons_01.jpg\" width=\"1200\" height=\"1200\" alt=\"\" title=\"BAEHW_Charla_DosGrandesDesaparecidosdelaM\u00fasicaCl\u00e1sicaPeterSchreieryMarissJansons_01\" aria-label=\"BAEHW_Charla_DosGrandesDesaparecidosdelaM\u00fasicaCl\u00e1sicaPeterSchreieryMarissJansons_01\" class=\"img-responsive wp-image-7228\" srcset=\"https:\/\/dcb.cl\/neueweb\/wp-content\/uploads\/2024\/10\/BAEHW_Charla_DosGrandesDesaparecidosdelaMusicaClasicaPeterSchreieryMarissJansons_01-200x200.jpg 200w, https:\/\/dcb.cl\/neueweb\/wp-content\/uploads\/2024\/10\/BAEHW_Charla_DosGrandesDesaparecidosdelaMusicaClasicaPeterSchreieryMarissJansons_01-400x400.jpg 400w, https:\/\/dcb.cl\/neueweb\/wp-content\/uploads\/2024\/10\/BAEHW_Charla_DosGrandesDesaparecidosdelaMusicaClasicaPeterSchreieryMarissJansons_01-600x600.jpg 600w, https:\/\/dcb.cl\/neueweb\/wp-content\/uploads\/2024\/10\/BAEHW_Charla_DosGrandesDesaparecidosdelaMusicaClasicaPeterSchreieryMarissJansons_01-800x800.jpg 800w, https:\/\/dcb.cl\/neueweb\/wp-content\/uploads\/2024\/10\/BAEHW_Charla_DosGrandesDesaparecidosdelaMusicaClasicaPeterSchreieryMarissJansons_01.jpg 1200w\" sizes=\"(min-width: 2200px) 100vw, (min-width: 784px) 399px, (min-width: 712px) 598px, (min-width: 640px) 712px, \" \/><\/a><\/div><\/div><div style=\"padding:2.5px;\" class=\"fusion-grid-column fusion-gallery-column fusion-gallery-column-3 hover-type-none\"><div class=\"fusion-gallery-image\"><a href=\"https:\/\/dcb.cl\/neueweb\/wp-content\/uploads\/2024\/10\/BAEHW_Charla_DosGrandesDesaparecidosdelaMusicaClasicaPeterSchreieryMarissJansons_02.jpg\" rel=\"noreferrer\" data-rel=\"iLightbox[gallery_image_1]\" class=\"fusion-lightbox\" target=\"_self\"><img decoding=\"async\" src=\"https:\/\/dcb.cl\/neueweb\/wp-content\/uploads\/2024\/10\/BAEHW_Charla_DosGrandesDesaparecidosdelaMusicaClasicaPeterSchreieryMarissJansons_02.jpg\" width=\"1200\" height=\"1200\" alt=\"\" title=\"BAEHW_Charla_DosGrandesDesaparecidosdelaM\u00fasicaCl\u00e1sicaPeterSchreieryMarissJansons_02\" aria-label=\"BAEHW_Charla_DosGrandesDesaparecidosdelaM\u00fasicaCl\u00e1sicaPeterSchreieryMarissJansons_02\" class=\"img-responsive wp-image-7230\" srcset=\"https:\/\/dcb.cl\/neueweb\/wp-content\/uploads\/2024\/10\/BAEHW_Charla_DosGrandesDesaparecidosdelaMusicaClasicaPeterSchreieryMarissJansons_02-200x200.jpg 200w, https:\/\/dcb.cl\/neueweb\/wp-content\/uploads\/2024\/10\/BAEHW_Charla_DosGrandesDesaparecidosdelaMusicaClasicaPeterSchreieryMarissJansons_02-400x400.jpg 400w, https:\/\/dcb.cl\/neueweb\/wp-content\/uploads\/2024\/10\/BAEHW_Charla_DosGrandesDesaparecidosdelaMusicaClasicaPeterSchreieryMarissJansons_02-600x600.jpg 600w, https:\/\/dcb.cl\/neueweb\/wp-content\/uploads\/2024\/10\/BAEHW_Charla_DosGrandesDesaparecidosdelaMusicaClasicaPeterSchreieryMarissJansons_02-800x800.jpg 800w, https:\/\/dcb.cl\/neueweb\/wp-content\/uploads\/2024\/10\/BAEHW_Charla_DosGrandesDesaparecidosdelaMusicaClasicaPeterSchreieryMarissJansons_02.jpg 1200w\" sizes=\"(min-width: 2200px) 100vw, (min-width: 784px) 399px, (min-width: 712px) 598px, (min-width: 640px) 712px, \" \/><\/a><\/div><\/div><div style=\"padding:2.5px;\" class=\"fusion-grid-column fusion-gallery-column fusion-gallery-column-3 hover-type-none\"><div class=\"fusion-gallery-image\"><a href=\"https:\/\/dcb.cl\/neueweb\/wp-content\/uploads\/2024\/10\/BAEHW_Charla_DosGrandesDesaparecidosdelaMusicaClasicaPeterSchreieryMarissJansons_03.jpg\" rel=\"noreferrer\" data-rel=\"iLightbox[gallery_image_1]\" class=\"fusion-lightbox\" target=\"_self\"><img decoding=\"async\" src=\"https:\/\/dcb.cl\/neueweb\/wp-content\/uploads\/2024\/10\/BAEHW_Charla_DosGrandesDesaparecidosdelaMusicaClasicaPeterSchreieryMarissJansons_03.jpg\" width=\"1200\" height=\"1200\" alt=\"\" title=\"BAEHW_Charla_DosGrandesDesaparecidosdelaM\u00fasicaCl\u00e1sicaPeterSchreieryMarissJansons_03\" aria-label=\"BAEHW_Charla_DosGrandesDesaparecidosdelaM\u00fasicaCl\u00e1sicaPeterSchreieryMarissJansons_03\" class=\"img-responsive wp-image-7232\" srcset=\"https:\/\/dcb.cl\/neueweb\/wp-content\/uploads\/2024\/10\/BAEHW_Charla_DosGrandesDesaparecidosdelaMusicaClasicaPeterSchreieryMarissJansons_03-200x200.jpg 200w, https:\/\/dcb.cl\/neueweb\/wp-content\/uploads\/2024\/10\/BAEHW_Charla_DosGrandesDesaparecidosdelaMusicaClasicaPeterSchreieryMarissJansons_03-400x400.jpg 400w, https:\/\/dcb.cl\/neueweb\/wp-content\/uploads\/2024\/10\/BAEHW_Charla_DosGrandesDesaparecidosdelaMusicaClasicaPeterSchreieryMarissJansons_03-600x600.jpg 600w, https:\/\/dcb.cl\/neueweb\/wp-content\/uploads\/2024\/10\/BAEHW_Charla_DosGrandesDesaparecidosdelaMusicaClasicaPeterSchreieryMarissJansons_03-800x800.jpg 800w, https:\/\/dcb.cl\/neueweb\/wp-content\/uploads\/2024\/10\/BAEHW_Charla_DosGrandesDesaparecidosdelaMusicaClasicaPeterSchreieryMarissJansons_03.jpg 1200w\" sizes=\"(min-width: 2200px) 100vw, (min-width: 784px) 399px, (min-width: 712px) 598px, (min-width: 640px) 712px, \" \/><\/a><\/div><\/div><div class=\"clearfix\"><\/div><\/div><\/div><\/div><\/div><\/div><\/div>\n","protected":false},"excerpt":{"rendered":"","protected":false},"author":1,"featured_media":7232,"comment_status":"closed","ping_status":"closed","sticky":false,"template":"","format":"standard","meta":{"footnotes":""},"categories":[8],"tags":[57],"class_list":["post-7173","post","type-post","status-publish","format-standard","has-post-thumbnail","hentry","category-general","tag-charla"],"yoast_head":"<!-- This site is optimized with the Yoast SEO plugin v27.3 - https:\/\/yoast.com\/product\/yoast-seo-wordpress\/ -->\n<title>Charla Musical - Deutsch - Chilenischer Bund<\/title>\n<meta name=\"robots\" content=\"index, follow, max-snippet:-1, max-image-preview:large, max-video-preview:-1\" \/>\n<link rel=\"canonical\" href=\"https:\/\/dcb.cl\/de\/charla-musical\/\" \/>\n<meta property=\"og:locale\" content=\"de_DE\" \/>\n<meta property=\"og:type\" content=\"article\" \/>\n<meta property=\"og:title\" content=\"Charla Musical - Deutsch - Chilenischer Bund\" \/>\n<meta property=\"og:url\" content=\"https:\/\/dcb.cl\/de\/charla-musical\/\" \/>\n<meta property=\"og:site_name\" content=\"Deutsch - Chilenischer Bund\" \/>\n<meta property=\"article:published_time\" content=\"2024-10-12T19:57:44+00:00\" \/>\n<meta property=\"article:modified_time\" content=\"2025-08-04T12:16:35+00:00\" \/>\n<meta property=\"og:image\" content=\"https:\/\/dcb.cl\/neueweb\/wp-content\/uploads\/2024\/10\/BAEHW_Charla_DosGrandesDesaparecidosdelaMusicaClasicaPeterSchreieryMarissJansons_03.jpg\" \/>\n\t<meta property=\"og:image:width\" content=\"1200\" \/>\n\t<meta property=\"og:image:height\" content=\"1200\" \/>\n\t<meta property=\"og:image:type\" content=\"image\/jpeg\" \/>\n<meta name=\"author\" content=\"BOOM!Estudio\" \/>\n<meta name=\"twitter:card\" content=\"summary_large_image\" \/>\n<meta name=\"twitter:label1\" content=\"Written by\" \/>\n\t<meta name=\"twitter:data1\" content=\"BOOM!Estudio\" \/>\n\t<meta name=\"twitter:label2\" content=\"Est. reading time\" \/>\n\t<meta name=\"twitter:data2\" content=\"1 minute\" \/>\n<script type=\"application\/ld+json\" class=\"yoast-schema-graph\">{\"@context\":\"https:\\\/\\\/schema.org\",\"@graph\":[{\"@type\":\"Article\",\"@id\":\"https:\\\/\\\/dcb.cl\\\/de\\\/charla-musical\\\/#article\",\"isPartOf\":{\"@id\":\"https:\\\/\\\/dcb.cl\\\/de\\\/charla-musical\\\/\"},\"author\":{\"name\":\"BOOM!Estudio\",\"@id\":\"https:\\\/\\\/dcb.cl\\\/de\\\/#\\\/schema\\\/person\\\/7faacd28504607763f9c5f25311dd9c9\"},\"headline\":\"Charla Musical\",\"datePublished\":\"2024-10-12T19:57:44+00:00\",\"dateModified\":\"2025-08-04T12:16:35+00:00\",\"mainEntityOfPage\":{\"@id\":\"https:\\\/\\\/dcb.cl\\\/de\\\/charla-musical\\\/\"},\"wordCount\":498,\"publisher\":{\"@id\":\"https:\\\/\\\/dcb.cl\\\/de\\\/#organization\"},\"image\":{\"@id\":\"https:\\\/\\\/dcb.cl\\\/de\\\/charla-musical\\\/#primaryimage\"},\"thumbnailUrl\":\"https:\\\/\\\/dcb.cl\\\/neueweb\\\/wp-content\\\/uploads\\\/2024\\\/10\\\/BAEHW_Charla_DosGrandesDesaparecidosdelaMusicaClasicaPeterSchreieryMarissJansons_03.jpg\",\"keywords\":[\"Charla\"],\"articleSection\":[\"General\"],\"inLanguage\":\"de-DE\"},{\"@type\":\"WebPage\",\"@id\":\"https:\\\/\\\/dcb.cl\\\/de\\\/charla-musical\\\/\",\"url\":\"https:\\\/\\\/dcb.cl\\\/de\\\/charla-musical\\\/\",\"name\":\"Charla Musical - Deutsch - Chilenischer Bund\",\"isPartOf\":{\"@id\":\"https:\\\/\\\/dcb.cl\\\/de\\\/#website\"},\"primaryImageOfPage\":{\"@id\":\"https:\\\/\\\/dcb.cl\\\/de\\\/charla-musical\\\/#primaryimage\"},\"image\":{\"@id\":\"https:\\\/\\\/dcb.cl\\\/de\\\/charla-musical\\\/#primaryimage\"},\"thumbnailUrl\":\"https:\\\/\\\/dcb.cl\\\/neueweb\\\/wp-content\\\/uploads\\\/2024\\\/10\\\/BAEHW_Charla_DosGrandesDesaparecidosdelaMusicaClasicaPeterSchreieryMarissJansons_03.jpg\",\"datePublished\":\"2024-10-12T19:57:44+00:00\",\"dateModified\":\"2025-08-04T12:16:35+00:00\",\"breadcrumb\":{\"@id\":\"https:\\\/\\\/dcb.cl\\\/de\\\/charla-musical\\\/#breadcrumb\"},\"inLanguage\":\"de-DE\",\"potentialAction\":[{\"@type\":\"ReadAction\",\"target\":[\"https:\\\/\\\/dcb.cl\\\/de\\\/charla-musical\\\/\"]}]},{\"@type\":\"ImageObject\",\"inLanguage\":\"de-DE\",\"@id\":\"https:\\\/\\\/dcb.cl\\\/de\\\/charla-musical\\\/#primaryimage\",\"url\":\"https:\\\/\\\/dcb.cl\\\/neueweb\\\/wp-content\\\/uploads\\\/2024\\\/10\\\/BAEHW_Charla_DosGrandesDesaparecidosdelaMusicaClasicaPeterSchreieryMarissJansons_03.jpg\",\"contentUrl\":\"https:\\\/\\\/dcb.cl\\\/neueweb\\\/wp-content\\\/uploads\\\/2024\\\/10\\\/BAEHW_Charla_DosGrandesDesaparecidosdelaMusicaClasicaPeterSchreieryMarissJansons_03.jpg\",\"width\":1200,\"height\":1200},{\"@type\":\"BreadcrumbList\",\"@id\":\"https:\\\/\\\/dcb.cl\\\/de\\\/charla-musical\\\/#breadcrumb\",\"itemListElement\":[{\"@type\":\"ListItem\",\"position\":1,\"name\":\"Portada\",\"item\":\"https:\\\/\\\/dcb.cl\\\/de\\\/home\\\/\"},{\"@type\":\"ListItem\",\"position\":2,\"name\":\"Charla Musical\"}]},{\"@type\":\"WebSite\",\"@id\":\"https:\\\/\\\/dcb.cl\\\/de\\\/#website\",\"url\":\"https:\\\/\\\/dcb.cl\\\/de\\\/\",\"name\":\"Deutsch - Chilenischer Bund\",\"description\":\"\",\"publisher\":{\"@id\":\"https:\\\/\\\/dcb.cl\\\/de\\\/#organization\"},\"potentialAction\":[{\"@type\":\"SearchAction\",\"target\":{\"@type\":\"EntryPoint\",\"urlTemplate\":\"https:\\\/\\\/dcb.cl\\\/de\\\/?s={search_term_string}\"},\"query-input\":{\"@type\":\"PropertyValueSpecification\",\"valueRequired\":true,\"valueName\":\"search_term_string\"}}],\"inLanguage\":\"de-DE\"},{\"@type\":\"Organization\",\"@id\":\"https:\\\/\\\/dcb.cl\\\/de\\\/#organization\",\"name\":\"Deutsch - Chilenischer Bund\",\"url\":\"https:\\\/\\\/dcb.cl\\\/de\\\/\",\"logo\":{\"@type\":\"ImageObject\",\"inLanguage\":\"de-DE\",\"@id\":\"https:\\\/\\\/dcb.cl\\\/de\\\/#\\\/schema\\\/logo\\\/image\\\/\",\"url\":\"https:\\\/\\\/dcb.cl\\\/neueweb\\\/wp-content\\\/uploads\\\/2024\\\/02\\\/logo-DCB.svg\",\"contentUrl\":\"https:\\\/\\\/dcb.cl\\\/neueweb\\\/wp-content\\\/uploads\\\/2024\\\/02\\\/logo-DCB.svg\",\"width\":200,\"height\":100,\"caption\":\"Deutsch - Chilenischer Bund\"},\"image\":{\"@id\":\"https:\\\/\\\/dcb.cl\\\/de\\\/#\\\/schema\\\/logo\\\/image\\\/\"}},{\"@type\":\"Person\",\"@id\":\"https:\\\/\\\/dcb.cl\\\/de\\\/#\\\/schema\\\/person\\\/7faacd28504607763f9c5f25311dd9c9\",\"name\":\"BOOM!Estudio\",\"sameAs\":[\"https:\\\/\\\/dcb.cl\\\/neueweb\"],\"url\":\"https:\\\/\\\/dcb.cl\\\/de\\\/author\\\/admin_christian\\\/\"}]}<\/script>\n<!-- \/ Yoast SEO plugin. -->","yoast_head_json":{"title":"Charla Musical - Deutsch - Chilenischer Bund","robots":{"index":"index","follow":"follow","max-snippet":"max-snippet:-1","max-image-preview":"max-image-preview:large","max-video-preview":"max-video-preview:-1"},"canonical":"https:\/\/dcb.cl\/de\/charla-musical\/","og_locale":"de_DE","og_type":"article","og_title":"Charla Musical - Deutsch - Chilenischer Bund","og_url":"https:\/\/dcb.cl\/de\/charla-musical\/","og_site_name":"Deutsch - Chilenischer Bund","article_published_time":"2024-10-12T19:57:44+00:00","article_modified_time":"2025-08-04T12:16:35+00:00","og_image":[{"width":1200,"height":1200,"url":"https:\/\/dcb.cl\/neueweb\/wp-content\/uploads\/2024\/10\/BAEHW_Charla_DosGrandesDesaparecidosdelaMusicaClasicaPeterSchreieryMarissJansons_03.jpg","type":"image\/jpeg"}],"author":"BOOM!Estudio","twitter_card":"summary_large_image","twitter_misc":{"Written by":"BOOM!Estudio","Est. reading time":"1 minute"},"schema":{"@context":"https:\/\/schema.org","@graph":[{"@type":"Article","@id":"https:\/\/dcb.cl\/de\/charla-musical\/#article","isPartOf":{"@id":"https:\/\/dcb.cl\/de\/charla-musical\/"},"author":{"name":"BOOM!Estudio","@id":"https:\/\/dcb.cl\/de\/#\/schema\/person\/7faacd28504607763f9c5f25311dd9c9"},"headline":"Charla Musical","datePublished":"2024-10-12T19:57:44+00:00","dateModified":"2025-08-04T12:16:35+00:00","mainEntityOfPage":{"@id":"https:\/\/dcb.cl\/de\/charla-musical\/"},"wordCount":498,"publisher":{"@id":"https:\/\/dcb.cl\/de\/#organization"},"image":{"@id":"https:\/\/dcb.cl\/de\/charla-musical\/#primaryimage"},"thumbnailUrl":"https:\/\/dcb.cl\/neueweb\/wp-content\/uploads\/2024\/10\/BAEHW_Charla_DosGrandesDesaparecidosdelaMusicaClasicaPeterSchreieryMarissJansons_03.jpg","keywords":["Charla"],"articleSection":["General"],"inLanguage":"de-DE"},{"@type":"WebPage","@id":"https:\/\/dcb.cl\/de\/charla-musical\/","url":"https:\/\/dcb.cl\/de\/charla-musical\/","name":"Charla Musical - Deutsch - Chilenischer Bund","isPartOf":{"@id":"https:\/\/dcb.cl\/de\/#website"},"primaryImageOfPage":{"@id":"https:\/\/dcb.cl\/de\/charla-musical\/#primaryimage"},"image":{"@id":"https:\/\/dcb.cl\/de\/charla-musical\/#primaryimage"},"thumbnailUrl":"https:\/\/dcb.cl\/neueweb\/wp-content\/uploads\/2024\/10\/BAEHW_Charla_DosGrandesDesaparecidosdelaMusicaClasicaPeterSchreieryMarissJansons_03.jpg","datePublished":"2024-10-12T19:57:44+00:00","dateModified":"2025-08-04T12:16:35+00:00","breadcrumb":{"@id":"https:\/\/dcb.cl\/de\/charla-musical\/#breadcrumb"},"inLanguage":"de-DE","potentialAction":[{"@type":"ReadAction","target":["https:\/\/dcb.cl\/de\/charla-musical\/"]}]},{"@type":"ImageObject","inLanguage":"de-DE","@id":"https:\/\/dcb.cl\/de\/charla-musical\/#primaryimage","url":"https:\/\/dcb.cl\/neueweb\/wp-content\/uploads\/2024\/10\/BAEHW_Charla_DosGrandesDesaparecidosdelaMusicaClasicaPeterSchreieryMarissJansons_03.jpg","contentUrl":"https:\/\/dcb.cl\/neueweb\/wp-content\/uploads\/2024\/10\/BAEHW_Charla_DosGrandesDesaparecidosdelaMusicaClasicaPeterSchreieryMarissJansons_03.jpg","width":1200,"height":1200},{"@type":"BreadcrumbList","@id":"https:\/\/dcb.cl\/de\/charla-musical\/#breadcrumb","itemListElement":[{"@type":"ListItem","position":1,"name":"Portada","item":"https:\/\/dcb.cl\/de\/home\/"},{"@type":"ListItem","position":2,"name":"Charla Musical"}]},{"@type":"WebSite","@id":"https:\/\/dcb.cl\/de\/#website","url":"https:\/\/dcb.cl\/de\/","name":"Deutsch - Chilenischer Bund","description":"","publisher":{"@id":"https:\/\/dcb.cl\/de\/#organization"},"potentialAction":[{"@type":"SearchAction","target":{"@type":"EntryPoint","urlTemplate":"https:\/\/dcb.cl\/de\/?s={search_term_string}"},"query-input":{"@type":"PropertyValueSpecification","valueRequired":true,"valueName":"search_term_string"}}],"inLanguage":"de-DE"},{"@type":"Organization","@id":"https:\/\/dcb.cl\/de\/#organization","name":"Deutsch - Chilenischer Bund","url":"https:\/\/dcb.cl\/de\/","logo":{"@type":"ImageObject","inLanguage":"de-DE","@id":"https:\/\/dcb.cl\/de\/#\/schema\/logo\/image\/","url":"https:\/\/dcb.cl\/neueweb\/wp-content\/uploads\/2024\/02\/logo-DCB.svg","contentUrl":"https:\/\/dcb.cl\/neueweb\/wp-content\/uploads\/2024\/02\/logo-DCB.svg","width":200,"height":100,"caption":"Deutsch - Chilenischer Bund"},"image":{"@id":"https:\/\/dcb.cl\/de\/#\/schema\/logo\/image\/"}},{"@type":"Person","@id":"https:\/\/dcb.cl\/de\/#\/schema\/person\/7faacd28504607763f9c5f25311dd9c9","name":"BOOM!Estudio","sameAs":["https:\/\/dcb.cl\/neueweb"],"url":"https:\/\/dcb.cl\/de\/author\/admin_christian\/"}]}},"_links":{"self":[{"href":"https:\/\/dcb.cl\/de\/wp-json\/wp\/v2\/posts\/7173","targetHints":{"allow":["GET"]}}],"collection":[{"href":"https:\/\/dcb.cl\/de\/wp-json\/wp\/v2\/posts"}],"about":[{"href":"https:\/\/dcb.cl\/de\/wp-json\/wp\/v2\/types\/post"}],"author":[{"embeddable":true,"href":"https:\/\/dcb.cl\/de\/wp-json\/wp\/v2\/users\/1"}],"replies":[{"embeddable":true,"href":"https:\/\/dcb.cl\/de\/wp-json\/wp\/v2\/comments?post=7173"}],"version-history":[{"count":2,"href":"https:\/\/dcb.cl\/de\/wp-json\/wp\/v2\/posts\/7173\/revisions"}],"predecessor-version":[{"id":7234,"href":"https:\/\/dcb.cl\/de\/wp-json\/wp\/v2\/posts\/7173\/revisions\/7234"}],"wp:featuredmedia":[{"embeddable":true,"href":"https:\/\/dcb.cl\/de\/wp-json\/wp\/v2\/media\/7232"}],"wp:attachment":[{"href":"https:\/\/dcb.cl\/de\/wp-json\/wp\/v2\/media?parent=7173"}],"wp:term":[{"taxonomy":"category","embeddable":true,"href":"https:\/\/dcb.cl\/de\/wp-json\/wp\/v2\/categories?post=7173"},{"taxonomy":"post_tag","embeddable":true,"href":"https:\/\/dcb.cl\/de\/wp-json\/wp\/v2\/tags?post=7173"}],"curies":[{"name":"wp","href":"https:\/\/api.w.org\/{rel}","templated":true}]}}